{"id":15445,"date":"2025-04-14T15:07:25","date_gmt":"2025-04-14T14:07:25","guid":{"rendered":"https:\/\/blog.langlion.com\/pl\/?p=15445"},"modified":"2025-10-06T11:49:23","modified_gmt":"2025-10-06T10:49:23","slug":"dofinansowania-dla-szkol-jezykowych-praktyczne-wskazowki","status":"publish","type":"post","link":"https:\/\/blog.langlion.com\/pl\/dofinansowania-dla-szkol-jezykowych-praktyczne-wskazowki\/","title":{"rendered":"Dofinansowania dla szk\u00f3\u0142 j\u0119zykowych \u2013 praktyczne wskaz\u00f3wki"},"content":{"rendered":"\n<figure class=\"wp-block-image size-full\"><img loading=\"lazy\" decoding=\"async\" width=\"1024\" height=\"683\" src=\"https:\/\/blog.langlion.com\/pl\/wp-content\/uploads\/2025\/01\/Grafiki-na-bloga-1-1.png\" alt=\"Dofinansowania dla szk\u00f3\u0142 j\u0119zykowych \u2013 praktyczne wskaz\u00f3wki\" class=\"wp-image-15447\"\/><\/figure>\n\n\n\n<p>Nowy rok przynosi nowe mo\u017cliwo\u015bci finansowania dla szk\u00f3\u0142 j\u0119zykowych w Polsce. Zar\u00f3wno instytucje krajowe, jak i unijne oferuj\u0105 r\u00f3\u017cne formy wsparcia, kt\u00f3re mog\u0105 pom\u00f3c w rozwoju Twojej plac\u00f3wki edukacyjnej. Poni\u017cej znajdziesz przegl\u0105d najwa\u017cniejszych program\u00f3w, z kt\u00f3rych mo\u017cesz skorzysta\u0107.<\/p>\n\n\n\n<p class=\"has-large-font-size\"><strong>Co znajdziesz w tym artykule?<\/strong><\/p>\n\n\n\n<ol>\n<li><a href=\"#anchor1\">Dlaczego warto korzysta\u0107 z dofinansowa\u0144 dla szk\u00f3\u0142 j\u0119zykowych?<\/a><\/li>\n\n\n\n<li><a href=\"#anchor2\">Dofinansowanie z Urz\u0119du Pracy<\/a><\/li>\n\n\n\n<li><a href=\"#anchor3\">Dotacje i dofinansowania z Unii Europejskiej<\/a><\/li>\n\n\n\n<li><a href=\"#anchor4\">Wyszukiwarka Dotacji<\/a><\/li>\n\n\n\n<li><a href=\"#anchor5\">Po\u017cyczki \u201ePierwszy biznes \u2013 Wsparcie w starcie\u201d od BGK<\/a><\/li>\n\n\n\n<li><a href=\"#anchor6\">Podsumowanie \u2013 dofinansowania dla szk\u00f3\u0142 j\u0119zykowych<\/a><\/li>\n<\/ol>\n\n\n\n<h2 class=\"wp-block-heading\" id=\"anchor1\"><strong>Dlaczego warto korzysta\u0107 z dofinansowa\u0144 dla szk\u00f3\u0142 j\u0119zykowych?<\/strong><\/h2>\n\n\n\n<p>Dofinansowania dla szk\u00f3\u0142 j\u0119zykowych <strong>to doskona\u0142a okazja na pozyskanie \u201edarmowych pieni\u0119dzy\u201d, kt\u00f3re umo\u017cliwi\u0105 Ci rozw\u00f3j<\/strong> biznesu. Wiele os\u00f3b, kt\u00f3re pragnie <a href=\"https:\/\/blog.langlion.com\/pl\/jak-zalozyc-szkole-jezykowa-czesc-1-sprawy-formalne\/\" target=\"_blank\" rel=\"noreferrer noopener\">za\u0142o\u017cy\u0107 szko\u0142\u0119 j\u0119zykow\u0105<\/a> pope\u0142nia b\u0142\u0105d, nie bior\u0105c pod uwag\u0119 \u017cadnych dost\u0119pnych program\u00f3w wsparcia.&nbsp;<\/p>\n\n\n\n<p>Tymczasem dotacje <strong>mog\u0105 znacznie u\u0142atwi\u0107 start<\/strong> i pom\u00f3c w szybszym rozwoju Twojej szko\u0142y j\u0119zykowej.<\/p>\n\n\n\n<h2 class=\"wp-block-heading\" id=\"anchor2\"><strong>Dofinansowanie z Urz\u0119du Pracy<\/strong><\/h2>\n\n\n\n<p>Powiatowe Urz\u0119dy Pracy oferuj\u0105 dotacje na rozpocz\u0119cie dzia\u0142alno\u015bci gospodarczej. To wsparcie skierowane do takich grup jak:<\/p>\n\n\n\n<ul>\n<li>osoby bezrobotne,<\/li>\n\n\n\n<li>opiekunowie os\u00f3b niepe\u0142nosprawnych niepracuj\u0105cy i poszukuj\u0105cy pracy,<\/li>\n\n\n\n<li>absolwenci centr\u00f3w integracji spo\u0142ecznej lub klub\u00f3w integracji spo\u0142ecznej.<\/li>\n<\/ul>\n\n\n\n<p>Maksymalna kwota dofinansowania zale\u017cy od powiatu i wynosi do <strong>6-krotno\u015bci przeci\u0119tnego wynagrodzenia brutto<\/strong> (oko\u0142o 40\u201350 tysi\u0119cy z\u0142otych). Warunkiem uzyskania wsparcia jest <strong>z\u0142o\u017cenie szczeg\u00f3\u0142owego biznesplanu<\/strong> oraz prowadzenie dzia\u0142alno\u015bci przez <strong>co najmniej 12 miesi\u0119cy<\/strong>.<\/p>\n\n\n\n<p>Pami\u0119taj jednak, \u017ce<strong> wsparcie nie jest dost\u0119pne, je\u015bli wcze\u015bniej korzysta\u0142e\u015b z dotacji lub prowadzi\u0142e\u015b dzia\u0142alno\u015b\u0107 gospodarcz\u0105<\/strong> w ci\u0105gu ostatnich 12 miesi\u0119cy.<\/p>\n\n\n\n<p class=\"has-background\" style=\"background-color:#d4efff\"><em><strong>Nie przegap \u017cadnego dofinansowania dla swojej szko\u0142y j\u0119zykowej.<br>Zapisz si\u0119\u00a0na nasz newsletter! \u2193<\/strong><\/em><\/p>\n\n\n<div id=\"newsletter-subscribe\" class=\"box newsletter newsletter-white newsletter-sub ll-form-wrapper\">\n    <div class=\"box-rainbow\"><\/div>\n    <div class=\"box-content\">\n            <\/div>\n<\/div>\n\n\n\n<h2 class=\"wp-block-heading\" id=\"anchor3\"><strong>Dotacje i dofinansowania z Unii Europejskiej<\/strong><\/h2>\n\n\n\n<p>Unia Europejska oferuje szerok\u0105 gam\u0119 program\u00f3w wsparcia, takich jak Europejski Fundusz Spo\u0142eczny (EFS+) oraz Europejski Fundusz Rozwoju Regionalnego. Edukacja jest jednym z priorytet\u00f3w program\u00f3w unijnych, zw\u0142aszcza EFS+, dlatego finansowane s\u0105 projekty zwi\u0105zane z kszta\u0142ceniem i podnoszeniem kompetencji na r\u00f3\u017cnych poziomach.<br><br>W zwi\u0105zku z tym o dotacj\u0119 ubiega\u0107 si\u0119 mog\u0105: partnerzy spo\u0142eczni, administracja publiczna, instytucje wspieraj\u0105ce biznes, organizacje spo\u0142eczne i zwi\u0105zki wyznaniowe, przedsi\u0119biorstwa a przede wszystkim instytucje nauki i edukacji.<\/p>\n\n\n\n<p class=\"has-background\" style=\"background-color:#ffe291\"><strong>Sprawd\u017a, czy Twoja szko\u0142a kwalifikuje si\u0119 do unijnego wsparcia i jakie warunki trzeba spe\u0142ni\u0107. Szczeg\u00f3\u0142y znajdziesz na stronie: <a href=\"https:\/\/www.funduszeeuropejskie.gov.pl\/\" target=\"_blank\" rel=\"noreferrer noopener nofollow\">funduszeeuropejskie.gov.pl<\/a>.<\/strong><\/p>\n\n\n\n<h2 class=\"wp-block-heading\" id=\"anchor4\"><strong>Wyszukiwarka Dotacji<\/strong><\/h2>\n\n\n\n<p>Ministerstwo Funduszy i Polityki Regionalnej udost\u0119pnia narz\u0119dzie online \u2013 Wyszukiwark\u0119 Dotacji. Umo\u017cliwia ona sprawdzenie aktualnych program\u00f3w wsparcia, kwalifikowalno\u015bci projekt\u00f3w oraz wymaga\u0144 dotycz\u0105cych wk\u0142adu w\u0142asnego.<\/p>\n\n\n\n<p class=\"has-background\" style=\"background-color:#ffe291\"><strong>Zach\u0119camy do skorzystania z wyszukiwarki, aby znale\u017a\u0107 idealne dofinansowanie dla swojej szko\u0142y j\u0119zykowej. Narz\u0119dzie jest dost\u0119pne pod tym linkiem: <a href=\"https:\/\/www.funduszeeuropejskie.gov.pl\/wyszukiwarka\" target=\"_blank\" rel=\"noreferrer noopener nofollow\">funduszeeuropejskie.gov.pl\/wyszukiwarka<\/a>.<\/strong><\/p>\n\n\n\n<h2 class=\"wp-block-heading\" id=\"anchor5\"><strong>Po\u017cyczki \u201ePierwszy biznes \u2013 Wsparcie w starcie\u201d od BGK<\/strong><\/h2>\n\n\n\n<p>Je\u015bli potrzebujesz finansowania na rozpocz\u0119cie dzia\u0142alno\u015bci, mo\u017cesz skorzysta\u0107 z atrakcyjnej po\u017cyczki oferowanej przez Bank Gospodarstwa Krajowego w programie \u201ePierwszy biznes \u2013 wsparcie w starcie\u201d. <\/p>\n\n\n\n<p>Kwota po\u017cyczki mo\u017ce wynosi\u0107 nawet ponad 150 tysi\u0119cy z\u0142otych (20-krotno\u015b\u0107 przeci\u0119tnego wynagrodzenia). Po\u017cyczka jest nisko oprocentowana, bez dodatkowych op\u0142at, a sp\u0142ata mo\u017ce zosta\u0107 roz\u0142o\u017cona na 7 lat. Dodatkowo, mo\u017cliwa jest roczna karencja w sp\u0142acie. Ciekaw\u0105 opcj\u0105 jest r\u00f3wnie\u017c mo\u017cliwo\u015b\u0107 umorzenia cz\u0119\u015bci kwoty, pod warunkiem prowadzenia firmy przez minimum 12 miesi\u0119cy.<\/p>\n\n\n\n<p>O po\u017cyczk\u0119 mog\u0105 ubiega\u0107 si\u0119 m.in. osoby bezrobotne, studenci ostatniego roku studi\u00f3w, opiekunowie os\u00f3b z niepe\u0142nosprawno\u015bci\u0105 oraz osoby poszukuj\u0105ce pracy.<\/p>\n\n\n\n<p class=\"has-background\" style=\"background-color:#ffe291\"><strong>Wi\u0119cej informacji znajdziesz na stronie: <a href=\"https:\/\/www.bgk.pl\/produkty\/pozyczka-na-samozatrudnienie\/\" target=\"_blank\" rel=\"noreferrer noopener nofollow\">https:\/\/www.bgk.pl\/produkty\/pozyczka-na-samozatrudnienie\/<\/a>.<\/strong><\/p>\n\n\n\n<h2 class=\"wp-block-heading\" id=\"anchor6\"><strong>Podsumowanie \u2013 dofinansowania dla szk\u00f3\u0142 j\u0119zykowych<\/strong><\/h2>\n\n\n\n<p>Szko\u0142y j\u0119zykowe maj\u0105 szeroki dost\u0119p do r\u00f3\u017cnorodnych \u017ar\u00f3de\u0142 finansowania, kt\u00f3re mog\u0105 wspiera\u0107 zar\u00f3wno rozw\u00f3j infrastruktury, jak i realizacj\u0119 projekt\u00f3w edukacyjnych. Do najwa\u017cniejszych nale\u017c\u0105 dotacje z Urz\u0119du Pracy, programy unijne oraz po\u017cyczki z Banku Gospodarstwa Krajowego w ramach programu \u201ePierwszy biznes \u2013 Wsparcie w starcie\u201d.<\/p>\n\n\n\n<p>Wykorzystanie tych mo\u017cliwo\u015bci umo\u017cliwia \u0142atwiejsze rozpocz\u0119cie dzia\u0142alno\u015bci, rozw\u00f3j oferty edukacyjnej oraz popraw\u0119 sytuacji finansowej plac\u00f3wki. Kluczowe jest regularne \u015bledzenie program\u00f3w krajowych, unijnych i samorz\u0105dowych, aby w pe\u0142ni korzysta\u0107 z dost\u0119pnych form wsparcia.<\/p>\n\n\n\n<p>Pami\u0119taj, \u017ce w ramach dofinansowania warto zainwestowa\u0107 w <a href=\"https:\/\/langlion.com\/poznaj-langlion\/\" target=\"_blank\" rel=\"noreferrer noopener\">system do zarz\u0105dzania szko\u0142\u0105 j\u0119zykow\u0105<\/a>.<\/p>\n\n\n\n<p class=\"has-background\" style=\"background-color:#bbe4fe\"><strong>Dzi\u0119ki LangLion,<strong> zautomatyzujesz codzienne czynno\u015bci i zorganizujesz prac\u0119 jeszcze efektywniej! Od sekretariatu, po kontrol\u0119 stanu finans\u00f3w czy lekcje online, a\u017c po obs\u0142ug\u0119 kursant\u00f3w. <a href=\"https:\/\/langlion.com\/bezplatna-prezentacja\/?utm_medium=blog&amp;utm_source=blog.langlion.com&amp;utm_campaign=dofinansowania_dla_szkol_jezykowych\" target=\"_blank\" rel=\"noreferrer noopener\">Um\u00f3w si\u0119 na bezp\u0142atn\u0105 prezentacj\u0119 Platformy<\/a>!<\/strong><\/strong><\/p>\n\n\n\n<div class=\"wp-block-buttons is-content-justification-center is-layout-flex wp-container-core-buttons-layout-1 wp-block-buttons-is-layout-flex\">\n<div class=\"wp-block-button\"><a class=\"wp-block-button__link has-background wp-element-button\" href=\"https:\/\/langlion.com\/bezplatna-prezentacja\/?utm_medium=blog&amp;utm_source=blog.langlion.com&amp;utm_campaign=dofinansowania_dla_szkol_jezykowych\" style=\"background-color:#1e5eac\" target=\"_blank\" rel=\"noreferrer noopener\"><strong>Umawiam si\u0119 na bezp\u0142atn\u0105 prezentacj\u0119 Platformy LangLion!<\/strong><\/a><\/div>\n<\/div>\n","protected":false},"excerpt":{"rendered":"<p>Nowy rok przynosi nowe mo\u017cliwo\u015bci finansowania dla szk\u00f3\u0142 j\u0119zykowych w Polsce. Zar\u00f3wno instytucje krajowe, jak i unijne oferuj\u0105 r\u00f3\u017cne formy [&hellip;]<\/p>\n","protected":false},"author":22,"featured_media":15447,"comment_status":"open","ping_status":"open","sticky":true,"template":"","format":"standard","meta":{"_mo_disable_npp":"","footnotes":""},"categories":[28,30,11],"tags":[],"_links":{"self":[{"href":"https:\/\/blog.langlion.com\/pl\/wp-json\/wp\/v2\/posts\/15445"}],"collection":[{"href":"https:\/\/blog.langlion.com\/pl\/wp-json\/wp\/v2\/posts"}],"about":[{"href":"https:\/\/blog.langlion.com\/pl\/wp-json\/wp\/v2\/types\/post"}],"author":[{"embeddable":true,"href":"https:\/\/blog.langlion.com\/pl\/wp-json\/wp\/v2\/users\/22"}],"replies":[{"embeddable":true,"href":"https:\/\/blog.langlion.com\/pl\/wp-json\/wp\/v2\/comments?post=15445"}],"version-history":[{"count":5,"href":"https:\/\/blog.langlion.com\/pl\/wp-json\/wp\/v2\/posts\/15445\/revisions"}],"predecessor-version":[{"id":17425,"href":"https:\/\/blog.langlion.com\/pl\/wp-json\/wp\/v2\/posts\/15445\/revisions\/17425"}],"wp:featuredmedia":[{"embeddable":true,"href":"https:\/\/blog.langlion.com\/pl\/wp-json\/wp\/v2\/media\/15447"}],"wp:attachment":[{"href":"https:\/\/blog.langlion.com\/pl\/wp-json\/wp\/v2\/media?parent=15445"}],"wp:term":[{"taxonomy":"category","embeddable":true,"href":"https:\/\/blog.langlion.com\/pl\/wp-json\/wp\/v2\/categories?post=15445"},{"taxonomy":"post_tag","embeddable":true,"href":"https:\/\/blog.langlion.com\/pl\/wp-json\/wp\/v2\/tags?post=15445"}],"curies":[{"name":"wp","href":"https:\/\/api.w.org\/{rel}","templated":true}]}}